{"id":388,"date":"2018-04-18T11:02:45","date_gmt":"2018-04-18T09:02:45","guid":{"rendered":"https:\/\/topfly-aero.com\/?p=388"},"modified":"2018-10-11T16:45:12","modified_gmt":"2018-10-11T14:45:12","slug":"vers-une-veillee-de-noel-pas-ordinaire","status":"publish","type":"post","link":"https:\/\/topfly-aero.com\/index.php\/fr\/2018\/04\/18\/vers-une-veillee-de-noel-pas-ordinaire\/","title":{"rendered":"5\/7 &#8211; Vers une veill\u00e9e de No\u00ebl pas ordinaire"},"content":{"rendered":"<p>[et_pb_section bb_built=\u00a0\u00bb1&Prime;][et_pb_row][et_pb_column type=\u00a0\u00bb4_4&Prime;][et_pb_text _builder_version=\u00a0\u00bb3.0.106&Prime; background_layout=\u00a0\u00bblight\u00a0\u00bb text_font_size=\u00a0\u00bb18&Prime;]<\/p>\n<p>Les jours suivants seront consacr\u00e9s \u00e0 l&rsquo;entra\u00eenement des participants au stage, toujours en onde, toujours avec les m\u00eames vents, et c&rsquo;est avec une tristesse non dissimul\u00e9e que nous saluons le d\u00e9part des Fayen\u00e7ois. C&rsquo;est bient\u00f4t No\u00ebl, nos pens\u00e9es vont aux enfants du club, et la journ\u00e9e du 23 sera consacr\u00e9e \u00e0 la distribution des cadeaux. Une visite de courtoisie au commandant de l&rsquo;a\u00e9roport s&rsquo;impose car les rapports sont parfois tendus, seulement deux contr\u00f4leurs \u00e9tant certifi\u00e9s en langue anglaise, et notre espagnol voisin de z\u00e9ro conduit \u00e0 quelques cafouillages. Avec quelques bonnes bouteilles et des \u00ab\u00a0panettoni\u00a0\u00bb pour toute l&rsquo;\u00e9quipe de la tour, changement radical de climat. Le dialogue en \u00ab\u00a0Ita\u00f1ol\u00a0\u00bb fonctionne, chacun prend connaissance des probl\u00e8mes des autres et nous finissons par trouver un accord. La phras\u00e9ologie type (demande et r\u00e9ponse) sera imprim\u00e9e et pr\u00e9sente \u00e0 bord, notre transpondeur sera en service en pr\u00e9sence de trafic commercial (pas pour la tour qui n&rsquo;a pas de radar, mais pour les avions de ligne qui sont \u00e9quip\u00e9s de TCAS), nous \u00e9viterons les mouvements dans le rayon de 10 NM lors des heures de pointe, et tout se passera parfaitement.<\/p>\n<p>[\/et_pb_text][\/et_pb_column][\/et_pb_row][et_pb_row][et_pb_column type=\u00a0\u00bb2_3&Prime;][et_pb_text _builder_version=\u00a0\u00bb3.0.106&Prime; background_layout=\u00a0\u00bblight\u00a0\u00bb text_font_size=\u00a0\u00bb18&Prime;]<\/p>\n<p>Le ciel du 23 est f\u00e9erique, Klaus tournera un yo-yo de 2.214 km. Passage sur Internet et surprise: situation d\u00e9finie \u00ab\u00a0extr\u00eamement int\u00e9ressante\u00a0\u00bb par mon m\u00e9t\u00e9o pour le lendemain. Diego Volpi prendra donc la place avant, r\u00e9veil \u00e0 3h30.<\/p>\n<p>Premi\u00e8re erreur: au lieu d&rsquo;appliquer le \u00ab\u00a0r\u00e9gime sp\u00e9cial grand vol\u00a0\u00bb, nous nous laissons convaincre par Damien et Christine de go\u00fbter le Bife de Lomo Especial du restaurant La Marmite, certes excellent, mais totalement inadapt\u00e9 aux contraintes de confinement d&rsquo;un planeur pendant 15 heures&#8230;.. Avec un coucher \u00e0 1 heure pour cause d&rsquo;analyse des vols, mise \u00e0 jour des bases de donn\u00e9es a\u00e9roports, VOR et TMA (peu nombreuses mais \u00e0 respecter scrupuleusement), il ne reste pas grand chose pour le repos. Toutefois l&rsquo;exp\u00e9rience m&rsquo;a d\u00e9montr\u00e9 que les meilleures performances sur grands vols sont celles r\u00e9alis\u00e9es apr\u00e8s peu de sommeil, lorsque l&rsquo;organisme n&rsquo;est pas en exc\u00e8s de vitalit\u00e9, donc pas de nervosit\u00e9, pas de d\u00e9cision r\u00e9sultant d&rsquo;un saut d&rsquo;humeur ou d&rsquo;une impulsion mal contr\u00f4l\u00e9e. Ce sera vrai demain.<\/p>\n<p>[\/et_pb_text][\/et_pb_column][et_pb_column type=\u00a0\u00bb1_3&Prime;][et_pb_image _builder_version=\u00a0\u00bb3.0.106&Prime; src=\u00a0\u00bbhttps:\/\/topfly-aero.com\/wp-content\/uploads\/2018\/04\/Il-cielo-da-sogno.jpg\u00a0\u00bb show_in_lightbox=\u00a0\u00bboff\u00a0\u00bb url_new_window=\u00a0\u00bboff\u00a0\u00bb use_overlay=\u00a0\u00bboff\u00a0\u00bb align=\u00a0\u00bbcenter\u00a0\u00bb always_center_on_mobile=\u00a0\u00bbon\u00a0\u00bb force_fullwidth=\u00a0\u00bbon\u00a0\u00bb show_bottom_space=\u00a0\u00bbon\u00a0\u00bb \/][et_pb_text _builder_version=\u00a0\u00bb3.0.106&Prime; background_layout=\u00a0\u00bblight\u00a0\u00bb]<\/p>\n<p style=\"text-align: center;\"><em><span style=\"color: #0000ff;\">Le ciel f\u00e9erique du 23\/12<\/span><\/em><\/p>\n<p>[\/et_pb_text][\/et_pb_column][\/et_pb_row][et_pb_row][et_pb_column type=\u00a0\u00bb4_4&Prime;][et_pb_post_nav _builder_version=\u00a0\u00bb3.15&Prime; next_text=\u00a0\u00bb \u00a0\u00bb in_same_term=\u00a0\u00bbon\u00a0\u00bb \/][\/et_pb_column][\/et_pb_row][\/et_pb_section]<\/p>\n","protected":false},"excerpt":{"rendered":"<p><div class=\"et_pb_row et_pb_row_0 et_pb_row_empty\">\n\t\t\t\t\n\t\t\t\t\n\t\t\t\t\n\t\t\t\t\n\t\t\t\t\n\t\t\t<\/div> Les jours suivants seront consacr\u00e9s \u00e0 l&rsquo;entra\u00eenement des participants au stage, toujours en onde, toujours avec les m\u00eames vents, et c&rsquo;est avec une tristesse non dissimul\u00e9e que nous saluons le d\u00e9part des Fayen\u00e7ois. C&rsquo;est bient\u00f4t No\u00ebl, nos pens\u00e9es vont aux enfants du club, et la journ\u00e9e du 23 sera consacr\u00e9e \u00e0 la distribution des [&hellip;]<\/p>\n","protected":false},"author":2,"featured_media":0,"comment_status":"closed","ping_status":"open","sticky":false,"template":"","format":"standard","meta":{"_et_pb_use_builder":"on","_et_pb_old_content":"","_et_gb_content_width":"","footnotes":""},"categories":[22],"tags":[],"class_list":["post-388","post","type-post","status-publish","format-standard","hentry","category-patagonie-2002"],"_links":{"self":[{"href":"https:\/\/topfly-aero.com\/index.php\/wp-json\/wp\/v2\/posts\/388","targetHints":{"allow":["GET"]}}],"collection":[{"href":"https:\/\/topfly-aero.com\/index.php\/wp-json\/wp\/v2\/posts"}],"about":[{"href":"https:\/\/topfly-aero.com\/index.php\/wp-json\/wp\/v2\/types\/post"}],"author":[{"embeddable":true,"href":"https:\/\/topfly-aero.com\/index.php\/wp-json\/wp\/v2\/users\/2"}],"replies":[{"embeddable":true,"href":"https:\/\/topfly-aero.com\/index.php\/wp-json\/wp\/v2\/comments?post=388"}],"version-history":[{"count":10,"href":"https:\/\/topfly-aero.com\/index.php\/wp-json\/wp\/v2\/posts\/388\/revisions"}],"predecessor-version":[{"id":3816,"href":"https:\/\/topfly-aero.com\/index.php\/wp-json\/wp\/v2\/posts\/388\/revisions\/3816"}],"wp:attachment":[{"href":"https:\/\/topfly-aero.com\/index.php\/wp-json\/wp\/v2\/media?parent=388"}],"wp:term":[{"taxonomy":"category","embeddable":true,"href":"https:\/\/topfly-aero.com\/index.php\/wp-json\/wp\/v2\/categories?post=388"},{"taxonomy":"post_tag","embeddable":true,"href":"https:\/\/topfly-aero.com\/index.php\/wp-json\/wp\/v2\/tags?post=388"}],"curies":[{"name":"wp","href":"https:\/\/api.w.org\/{rel}","templated":true}]}}