{"id":4073,"date":"2020-05-16T19:55:59","date_gmt":"1970-01-01T00:00:00","guid":{"rendered":"https:\/\/topfly-aero.com\/?p=4073"},"modified":"2020-06-22T10:47:16","modified_gmt":"2020-06-22T08:47:16","slug":"5-20-atacama-et-calama","status":"publish","type":"post","link":"https:\/\/topfly-aero.com\/index.php\/fr\/2020\/05\/16\/5-20-atacama-et-calama\/","title":{"rendered":"5\/20 ATACAMA ET CALAMA"},"content":{"rendered":"<p>[et_pb_section fb_built=\u00a0\u00bb1&Prime; _builder_version=\u00a0\u00bb4.4.7&Prime; custom_padding=\u00a0\u00bb0px||1px|||\u00a0\u00bb][et_pb_row _builder_version=\u00a0\u00bb4.4.7&Prime; min_height=\u00a0\u00bb407px\u00a0\u00bb custom_margin=\u00a0\u00bb-18px|auto||auto||\u00a0\u00bb custom_padding=\u00a0\u00bb||0px|||\u00a0\u00bb][et_pb_column type=\u00a0\u00bb4_4&Prime; _builder_version=\u00a0\u00bb4.4.7&Prime;][et_pb_text _builder_version=\u00a0\u00bb4.4.7&Prime;]<\/p>\n<p>Le d\u00e9sert d\u2019Atacama s\u2019\u00e9tend sur environ 1.000 km de longueur et 200 \u00e0 300 km de largeur, entre la <em>Cordillera de la Costa<\/em> et la <em>Cordillera de Domeyko<\/em> (voir coupe ci-dessous) mais la zone touristique des grands volcans couvre environ 500 km de long et moins de 100 km de largeur, dont une partie en territoires bolivien et argentin.<\/p>\n<p>La structure de la Cordill\u00e8re Andine \u00e0 cette latitude (22\u00b0S) est totalement diff\u00e9rente de celle que nous connaissons entre Mendoza (33\u00b0S) et El Calafate (50\u00b0S). Il s\u2019agit d\u2019un plateau, \u00ab\u00a0<em>Altiplano<\/em>\u00a0\u00bb, dont l\u2019altitude varie entre 4.000 et 5.000 m, sur lequel se dressent un grand nombre de volcans isol\u00e9s culminant entre 6.000 et quasi 7.000 m, soit du type conique pur, le strato-volcan, soit plus complexes, compos\u00e9s de plusieurs volcans proches plus ou moins soud\u00e9s, formant une petite cha\u00eene de quelques dizaines de km de long. Entre ces c\u00f4nes spectaculaires plant\u00e9s dans le d\u00e9sert le plus aride du monde, on trouve une multitude de lacs (<em>lagunas<\/em>) soit d\u2019eau douce, o\u00f9 la vie reprend (en particulier vers 4.000m) soit sal\u00e9s soit ass\u00e9ch\u00e9s, sans vie, une palette de couleurs unique au monde. Ces cha\u00eenes deviennent une cordill\u00e8re plus continue en allant vers le sud, vers Santiago, exploitable alors en thermodynamique, mais surtout en onde c\u00f4t\u00e9 argentin, interdit pour nous pour cause de d\u00e9faut d\u2019assurance des planeurs chiliens.<\/p>\n<p>[\/et_pb_text][\/et_pb_column][\/et_pb_row][\/et_pb_section][et_pb_section fb_built=\u00a0\u00bb1&Prime; _builder_version=\u00a0\u00bb4.4.7&Prime; min_height=\u00a0\u00bb920px\u00a0\u00bb custom_padding=\u00a0\u00bb||0px|||\u00a0\u00bb][et_pb_row _builder_version=\u00a0\u00bb4.4.7&Prime; custom_padding=\u00a0\u00bb0px|||||\u00a0\u00bb][et_pb_column type=\u00a0\u00bb4_4&Prime; _builder_version=\u00a0\u00bb4.4.7&Prime;][et_pb_image src=\u00a0\u00bbhttps:\/\/topfly-aero.com\/wp-content\/uploads\/2020\/05\/COUPE-GEOLOGIQUE.png\u00a0\u00bb _builder_version=\u00a0\u00bb4.4.7&Prime;][\/et_pb_image][\/et_pb_column][\/et_pb_row][et_pb_row _builder_version=\u00a0\u00bb4.4.7&Prime;][et_pb_column type=\u00a0\u00bb4_4&Prime; _builder_version=\u00a0\u00bb4.4.7&Prime;][et_pb_text _builder_version=\u00a0\u00bb4.4.7&Prime; custom_padding=\u00a0\u00bb||0px|||\u00a0\u00bb]<\/p>\n<p><span style=\"color: #0c71c3;\"><em>La connaissance de la g\u00e9ologie du nord de la cordill\u00e8re andine m\u2019a beaucoup aid\u00e9 dans compr\u00e9hension des variations de l\u2019a\u00e9rologie et des interactions entre l\u2019ensoleillement et les r\u00e9actions du terrain. La zone des volcans, dont le sol, l\u2019altiplano \u00ab\u00a0la puna\u00a0\u00bb, se situe autour de 4.500 m d\u2019altitude, est n\u00e9e entre \u2013200 et -150 millions d\u2019ann\u00e9es. Le sol est totalement diff\u00e9rent de la partie \u00e9mergente, compos\u00e9e de mat\u00e9riaux br\u00fbl\u00e9s provenant des entrailles de la plan\u00e8te. Ce soul\u00e8vement est le r\u00e9sultat de la subduction de la plaque oc\u00e9anique qui s\u2019est enfonc\u00e9e sous le continent am\u00e9ricain en y cr\u00e9ant une intense activit\u00e9 volcanique. Ces roches ont tr\u00e8s peu de r\u00e9activit\u00e9 thermique, elles absorbent la chaleur, alors que le sol qui entoure les volcans est tr\u00e8s r\u00e9actif.<\/em><\/span><\/p>\n<p><span style=\"color: #0c71c3;\"><em>La cordill\u00e8re de Domeyko est sortie de terre beaucoup plus tard, il y a \u00ab\u00a0seulement\u00a0\u00bb 50 millions d\u2019ann\u00e9es, et n\u2019est l\u2019objet d\u2019aucune activit\u00e9 volcanique. Elle est le si\u00e8ge de la plupart des activit\u00e9s mini\u00e8res du pays, la r\u00e9action par rapport \u00e0 l\u2019ensoleillement est tout \u00e0 fait semblable \u00e0 celle de nos Alpes.<\/em><\/span><\/p>\n<p><span style=\"color: #0c71c3;\"><em>Le \u00ab Salar\u00a0\u00bb d\u2019Atacama est le r\u00e9sultat de l\u2019\u00e9vaporation d\u2019une mer int\u00e9rieure il y a <span style=\"text-decoration: underline;\">seulement 5000 ans<\/span>, lors d\u2019une p\u00e9riode extraordinairement chaude. Au point que l\u2019humidit\u00e9 est encore pr\u00e9sente sous la cro\u00fbte de sel, facile \u00e0 casser avec le pied. Avec beaucoup de lacs fortement sal\u00e9s qui font le bonheur des flamants roses et des touristes en mal d\u2019\u00e9motions fortes.<\/em><\/span><\/p>\n<p><span style=\"color: #0c71c3;\"><em>Le d\u00e9sert d\u2019Atacama, coinc\u00e9 entre les cha\u00eenes de Domeyko et celle c\u00f4ti\u00e8re, est tr\u00e8s peu actif thermiquement car influenc\u00e9 par l\u2019air froid du Pacifique, refroidi par le courant de Humboldt. En plein \u00e9t\u00e9, la temp\u00e9rature de l\u2019eau atteint difficilement 16\u00b0C. La brise de mer souffle chaque jour 15 \u00e0 30 kt de 10h \u00e0 22h, et comme le d\u00e9sert n\u2019est qu\u2019\u00e0 100 km de la mer, adieu thermiques\u00a0!<\/em><\/span><\/p>\n<p>[\/et_pb_text][\/et_pb_column][\/et_pb_row][et_pb_row _builder_version=\u00a0\u00bb4.4.7&Prime; custom_margin=\u00a0\u00bb-19px|auto||auto||\u00a0\u00bb][et_pb_column type=\u00a0\u00bb4_4&Prime; _builder_version=\u00a0\u00bb4.4.7&Prime;][et_pb_text _builder_version=\u00a0\u00bb4.4.7&Prime;]<\/p>\n<p>Le barycentre de cette cha\u00eene se situe autour du Salar d\u2019Atacama, mieux connu sous le nom du village oasis de San Pedro de Atacama, situ\u00e9 \u00e0 2.400 m d\u2019altitude. San Pedro est <u>la<\/u> r\u00e9f\u00e9rence touristique de toute cette r\u00e9gion, la ville est g\u00e9r\u00e9e de fa\u00e7on autonome par une communaut\u00e9 indig\u00e8ne Atacam\u00e8ne qui s\u2019est fix\u00e9e comme objectif de conserver toutes les caract\u00e9ristiques originales du village, lequel faisait partie du chemin des Incas provenant du P\u00e9rou, puis occup\u00e9 par les Espagnols d\u00e8s 1540, lesquels construisirent ce village en style colonial parfaitement conserv\u00e9. Un petit bijou dont toutes les maisons y compris les grands h\u00f4tels sont strictement de plain-pied, murs construit en \u00ab\u00a0<em>adobe<\/em>\u00a0\u00bb, m\u00e9lange d&rsquo;argile, d&rsquo;eau et d&rsquo;une faible quantit\u00e9 de paille hach\u00e9e, fa\u00e7onn\u00e9s en briques s\u00e9ch\u00e9es au soleil, (photo) et toitures recouvertes de paille et de \u00a0boue. Technique acceptable dans ce pays o\u00f9 il ne pleut qu\u2019un jour par an, et encore, pas tous les ans.<\/p>\n<p>[\/et_pb_text][\/et_pb_column][\/et_pb_row][et_pb_row _builder_version=\u00a0\u00bb4.4.7&Prime; custom_padding=\u00a0\u00bb0px|||||\u00a0\u00bb][et_pb_column type=\u00a0\u00bb4_4&Prime; _builder_version=\u00a0\u00bb4.4.7&Prime;][et_pb_image src=\u00a0\u00bbhttps:\/\/topfly-aero.com\/wp-content\/uploads\/2020\/05\/5SAN-PEDRO-RUE.jpg\u00a0\u00bb title_text=\u00a0\u00bb5SAN PEDRO RUE\u00a0\u00bb _builder_version=\u00a0\u00bb4.4.7&Prime;][\/et_pb_image][\/et_pb_column][\/et_pb_row][et_pb_row _builder_version=\u00a0\u00bb4.4.7&Prime; min_height=\u00a0\u00bb291px\u00a0\u00bb][et_pb_column type=\u00a0\u00bb4_4&Prime; _builder_version=\u00a0\u00bb4.4.7&Prime;][et_pb_text _builder_version=\u00a0\u00bb4.4.7&Prime;]<\/p>\n<p>Les circuits touristiques autour de San Pedro sont innombrables, allant des ascensions sur les volcans (tous avoisinants les 6.000 m), aux circuits VTT dans les lagunes du Salar ou celles d\u2019altitude au pied des grands volcans Miscanti et Mi\u00f1iques. \u00c0 ne pas manquer \u00e9galement les excursions dans la Vall\u00e9e de la Lune, un monde de pur sel et de gypse d\u00e9pourvu de toute forme de vie, la Vall\u00e9e de la Mort, les geysers de Tatio o\u00f9 l\u2019eau sort \u00e0 86\u00b0C, temp\u00e9rature d\u2019\u00e9bullition \u00e0 cette altitude (4.350 m), les bains dans les lacs sal\u00e9s comme dans la Mer Morte, les nombreux Salars, les mines de salp\u00eatre abandonn\u00e9es, et beaucoup d\u2019autres lieux touristiques, jusqu\u2019en Bolivie ou en Argentine. Bref, San Pedro aurait \u00e9t\u00e9 la base id\u00e9ale pour une exp\u00e9dition v\u00e9li-touristique, un petit paradis, si la belle piste asphalt\u00e9e de 2 km n\u2019\u00e9tait pas ouverte \u00e0 tous les vents, totalement d\u00e9pourvue d\u2019une quelconque infrastructure et de toute forme de s\u00e9curit\u00e9. Ce dernier point \u00e9tant d\u2019une importance particuli\u00e8re en cette p\u00e9riode d\u2019agitation sociale.<\/p>\n<p>[\/et_pb_text][\/et_pb_column][\/et_pb_row][et_pb_row _builder_version=\u00a0\u00bb4.4.7&Prime; min_height=\u00a0\u00bb484px\u00a0\u00bb custom_padding=\u00a0\u00bb0px|||||\u00a0\u00bb][et_pb_column type=\u00a0\u00bb4_4&Prime; _builder_version=\u00a0\u00bb4.4.7&Prime;][et_pb_image src=\u00a0\u00bbhttps:\/\/topfly-aero.com\/wp-content\/uploads\/2020\/05\/5VICUNAS.jpg\u00a0\u00bb title_text=\u00a0\u00bb5VICUNAS\u00a0\u00bb _builder_version=\u00a0\u00bb4.4.7&Prime; min_height=\u00a0\u00bb466px\u00a0\u00bb custom_padding=\u00a0\u00bb||29px|||\u00a0\u00bb][\/et_pb_image][\/et_pb_column][\/et_pb_row][et_pb_row _builder_version=\u00a0\u00bb4.4.7&Prime; min_height=\u00a0\u00bb1px\u00a0\u00bb custom_margin=\u00a0\u00bb-31px|auto||auto||\u00a0\u00bb custom_padding=\u00a0\u00bb0px||7px|||\u00a0\u00bb][et_pb_column type=\u00a0\u00bb4_4&Prime; _builder_version=\u00a0\u00bb4.4.7&Prime;][et_pb_text _builder_version=\u00a0\u00bb4.4.7&Prime;]<\/p>\n<p><span style=\"color: #3366ff;\"><em>Les vigognes ne sont pas farouches, et ont la priorit\u00e9. Ne pas confondre avec les guanacos, mais tous deux sont des cam\u00e9lid\u00e9s.<br \/> <\/em><\/span><\/p>\n<p>[\/et_pb_text][\/et_pb_column][\/et_pb_row][et_pb_row _builder_version=\u00a0\u00bb4.4.7&Prime;][et_pb_column type=\u00a0\u00bb4_4&Prime; _builder_version=\u00a0\u00bb4.4.7&Prime;][et_pb_image src=\u00a0\u00bbhttps:\/\/topfly-aero.com\/wp-content\/uploads\/2020\/05\/GUANACO.jpg\u00a0\u00bb title_text=\u00a0\u00bbGUANACO\u00a0\u00bb _builder_version=\u00a0\u00bb4.4.7&Prime;][\/et_pb_image][et_pb_text _builder_version=\u00a0\u00bb4.4.7&Prime;]<\/p>\n<p><span style=\"color: #3366ff;\"><em>Voil\u00e0 un guanaco bien familier. Noter la pr\u00e9sence de milliers de petites fleurs sorties pendant la nuit apr\u00e8s une petite pluie. Nous sommes au Paso Barros Arana \u00e0 3.400 m, au-dessus de San Pedro.<br \/><\/em><\/span><\/p>\n<p>[\/et_pb_text][\/et_pb_column][\/et_pb_row][et_pb_row _builder_version=\u00a0\u00bb4.4.7&Prime; min_height=\u00a0\u00bb468px\u00a0\u00bb custom_padding=\u00a0\u00bb||0px|||\u00a0\u00bb custom_margin=\u00a0\u00bb|auto|10px|auto||\u00a0\u00bb][et_pb_column type=\u00a0\u00bb4_4&Prime; _builder_version=\u00a0\u00bb4.4.7&Prime;][et_pb_image src=\u00a0\u00bbhttps:\/\/topfly-aero.com\/wp-content\/uploads\/2020\/05\/5TATIO.jpg\u00a0\u00bb title_text=\u00a0\u00bb5TATIO\u00a0\u00bb _builder_version=\u00a0\u00bb4.4.7&Prime; custom_margin=\u00a0\u00bb||-29px|||\u00a0\u00bb custom_padding=\u00a0\u00bb||6px|||\u00a0\u00bb][\/et_pb_image][\/et_pb_column][\/et_pb_row][et_pb_row _builder_version=\u00a0\u00bb4.4.7&Prime;][et_pb_column type=\u00a0\u00bb4_4&Prime; _builder_version=\u00a0\u00bb4.4.7&Prime;][et_pb_text _builder_version=\u00a0\u00bb4.4.7&Prime; min_height=\u00a0\u00bb6px\u00a0\u00bb custom_padding=\u00a0\u00bb||18px|||\u00a0\u00bb]<\/p>\n<p><span style=\"font-family: inherit; font-weight: normal; color: rgba(13, 113, 226, 0.86);\"><em>Les geysers de Tatio, altitude 4.300 m, avec possibilit\u00e9 de se baigner dans les piscines naturelles.<\/em><\/span><\/p>\n<p>[\/et_pb_text][\/et_pb_column][\/et_pb_row][et_pb_row _builder_version=\u00a0\u00bb4.4.7&Prime; custom_margin=\u00a0\u00bb-11px|auto||auto||\u00a0\u00bb][et_pb_column type=\u00a0\u00bb4_4&Prime; _builder_version=\u00a0\u00bb4.4.7&Prime;][et_pb_image src=\u00a0\u00bbhttps:\/\/topfly-aero.com\/wp-content\/uploads\/2020\/05\/5BAIN.jpg\u00a0\u00bb title_text=\u00a0\u00bb5BAIN\u00a0\u00bb _builder_version=\u00a0\u00bb4.4.7&Prime;][\/et_pb_image][\/et_pb_column][\/et_pb_row][et_pb_row _builder_version=\u00a0\u00bb4.4.7&Prime; custom_padding=\u00a0\u00bb0px|||||\u00a0\u00bb][et_pb_column type=\u00a0\u00bb4_4&Prime; _builder_version=\u00a0\u00bb4.4.7&Prime;][et_pb_text _builder_version=\u00a0\u00bb4.4.7&Prime;]<\/p>\n<p><span style=\"color: #3366ff;\"><em>Baignade dans la laguna sal\u00e9e Cejar, dans le salar d\u2019Atacama. Limit\u00e9e \u00e0 15 minutes pour ne pas contaminer l\u2019environnement, douche froide sans savon limit\u00e9e \u00e0 5 minutes. Pas de souci, nous sommes aux tropiques\u00a0!<\/em><\/span><\/p>\n<p>[\/et_pb_text][\/et_pb_column][\/et_pb_row][et_pb_row _builder_version=\u00a0\u00bb4.4.7&Prime; custom_margin=\u00a0\u00bb-32px|auto||auto||\u00a0\u00bb][et_pb_column type=\u00a0\u00bb4_4&Prime; _builder_version=\u00a0\u00bb4.4.7&Prime;][et_pb_image src=\u00a0\u00bbhttps:\/\/topfly-aero.com\/wp-content\/uploads\/2020\/05\/5ARBRELICANCABUR1.jpg\u00a0\u00bb title_text=\u00a0\u00bb5ARBRE+LICANCABUR1&Prime; _builder_version=\u00a0\u00bb4.4.7&Prime;][\/et_pb_image][\/et_pb_column][\/et_pb_row][et_pb_row _builder_version=\u00a0\u00bb4.4.7&Prime; min_height=\u00a0\u00bb92px\u00a0\u00bb custom_margin=\u00a0\u00bb|auto|-6px|auto||\u00a0\u00bb custom_padding=\u00a0\u00bb3px|||||\u00a0\u00bb][et_pb_column type=\u00a0\u00bb4_4&Prime; _builder_version=\u00a0\u00bb4.4.7&Prime;][et_pb_text _builder_version=\u00a0\u00bb4.4.7&Prime;]<\/p>\n<p><span style=\"color: #3366ff;\"><em>La meilleure preuve de la pr\u00e9sence d\u2019eau en plein milieu du Salar d\u2019Atacama, ce splendide faux poivrier se porte comme un ch\u00eane\u00a0! <\/em><em>En arri\u00e8re plan, le mythique volcan Licancabur, qui sera notre point de d\u00e9part pour pratiquement chaque vol. A sa droite le volcan Juriques, puis le Paso de Jama (4.400 m) qui conduit \u00e0 Jujuy en Argentine. L&rsquo;altitude et la temp\u00e9rature font que les camions pr\u00e9f\u00e8rent attendre la fraicheur de la nuit pour le traverser.<br \/> <\/em><\/span><\/p>\n<p>[\/et_pb_text][\/et_pb_column][\/et_pb_row][et_pb_row column_structure=\u00a0\u00bb2_5,3_5&Prime; _builder_version=\u00a0\u00bb4.4.7&Prime;][et_pb_column type=\u00a0\u00bb2_5&Prime; _builder_version=\u00a0\u00bb4.4.7&Prime;][et_pb_text _builder_version=\u00a0\u00bb4.4.7&Prime;]<\/p>\n<p><span style=\"color: #3366ff;\"><em>Les thermes de Puritama, 3.500 m, baignade en sortie de la source \u00e0 36\u00b0C au milieu des volcans \u00e0 30 min de San Pedro. Le site a \u00e9t\u00e9 am\u00e9nag\u00e9 pour le tourisme depuis qu&rsquo;il appartient au groupe h\u00f4telier multinational Explora.<br \/><\/em><\/span><\/p>\n<p>[\/et_pb_text][\/et_pb_column][et_pb_column type=\u00a0\u00bb3_5&Prime; _builder_version=\u00a0\u00bb4.4.7&Prime;][et_pb_image src=\u00a0\u00bbhttps:\/\/topfly-aero.com\/wp-content\/uploads\/2020\/06\/TERMAS-PURITAMA.jpg\u00a0\u00bb title_text=\u00a0\u00bbTERMAS PURITAMA\u00a0\u00bb _builder_version=\u00a0\u00bb4.4.7&Prime;][\/et_pb_image][\/et_pb_column][\/et_pb_row][et_pb_row _builder_version=\u00a0\u00bb4.4.8&Prime; custom_padding=\u00a0\u00bb0px||7px|||\u00a0\u00bb][et_pb_column type=\u00a0\u00bb4_4&Prime; _builder_version=\u00a0\u00bb4.4.8&Prime;][et_pb_post_nav _builder_version=\u00a0\u00bb4.4.8&Prime;][\/et_pb_post_nav][\/et_pb_column][\/et_pb_row][\/et_pb_section]<\/p>\n","protected":false},"excerpt":{"rendered":"<p>Le d\u00e9sert d\u2019Atacama s\u2019\u00e9tend sur environ 1.000 km de longueur et 200 \u00e0 300 km de largeur, entre la Cordillera de la Costa et la Cordillera de Domeyko (voir coupe ci-dessous) mais la zone touristique des grands volcans couvre environ 500 km de long et moins de 100 km de largeur, dont une partie en [&hellip;]<\/p>\n","protected":false},"author":1,"featured_media":0,"comment_status":"open","ping_status":"open","sticky":false,"template":"","format":"standard","meta":{"_et_pb_use_builder":"on","_et_pb_old_content":"","_et_gb_content_width":"1080","footnotes":""},"categories":[132],"tags":[],"class_list":["post-4073","post","type-post","status-publish","format-standard","hentry","category-atacama-2019-fr"],"_links":{"self":[{"href":"https:\/\/topfly-aero.com\/index.php\/wp-json\/wp\/v2\/posts\/4073","targetHints":{"allow":["GET"]}}],"collection":[{"href":"https:\/\/topfly-aero.com\/index.php\/wp-json\/wp\/v2\/posts"}],"about":[{"href":"https:\/\/topfly-aero.com\/index.php\/wp-json\/wp\/v2\/types\/post"}],"author":[{"embeddable":true,"href":"https:\/\/topfly-aero.com\/index.php\/wp-json\/wp\/v2\/users\/1"}],"replies":[{"embeddable":true,"href":"https:\/\/topfly-aero.com\/index.php\/wp-json\/wp\/v2\/comments?post=4073"}],"version-history":[{"count":24,"href":"https:\/\/topfly-aero.com\/index.php\/wp-json\/wp\/v2\/posts\/4073\/revisions"}],"predecessor-version":[{"id":4980,"href":"https:\/\/topfly-aero.com\/index.php\/wp-json\/wp\/v2\/posts\/4073\/revisions\/4980"}],"wp:attachment":[{"href":"https:\/\/topfly-aero.com\/index.php\/wp-json\/wp\/v2\/media?parent=4073"}],"wp:term":[{"taxonomy":"category","embeddable":true,"href":"https:\/\/topfly-aero.com\/index.php\/wp-json\/wp\/v2\/categories?post=4073"},{"taxonomy":"post_tag","embeddable":true,"href":"https:\/\/topfly-aero.com\/index.php\/wp-json\/wp\/v2\/tags?post=4073"}],"curies":[{"name":"wp","href":"https:\/\/api.w.org\/{rel}","templated":true}]}}