{"id":715,"date":"2018-05-15T18:12:48","date_gmt":"2018-05-15T16:12:48","guid":{"rendered":"https:\/\/topfly-aero.com\/?p=715"},"modified":"2018-09-06T15:59:20","modified_gmt":"2018-09-06T13:59:20","slug":"leruption-du-volcan-llaima-du-1er-janvier-2008","status":"publish","type":"post","link":"https:\/\/topfly-aero.com\/index.php\/fr\/2018\/05\/15\/leruption-du-volcan-llaima-du-1er-janvier-2008\/","title":{"rendered":"10\/11 &#8211; L&rsquo;\u00e9ruption du volcan Llaima du 1er janvier 2008"},"content":{"rendered":"<p>[et_pb_section bb_built=\u00a0\u00bb1&Prime;][et_pb_row][et_pb_column type=\u00a0\u00bb4_4&Prime;][et_pb_text _builder_version=\u00a0\u00bb3.3.1&Prime;]<\/p>\n<p>Lors du retour d&rsquo;un grand vol vers le sud le 1er janvier, nous observons \u00e0 200km au nord de Bariloche la formation d&rsquo;un nuage \u00ab\u00a0en tour\u00a0\u00bb, totalement isol\u00e9, d&rsquo;un blanc immacul\u00e9. Surprenant, car il n&rsquo;y avait pas d&rsquo;instabilit\u00e9 susceptible de d\u00e9clencher des orages, et m\u00eame si cela avait \u00e9t\u00e9 le cas, la tour, haute d&rsquo;au moins 6.000m (notre altitude) ne partirait pas en enclume mais se laisserait doucement incliner par le vent. De quoi s&rsquo;agissait-il? Une \u00e9ruption d&rsquo;un volcan du c\u00f4t\u00e9 de San Martin? J&rsquo;appelle la tour qui dit ne rien savoir et nous rentrons donc sans aucune information. Ce n&rsquo;est que le soir que nous apprendrons par la t\u00e9l\u00e9 l&rsquo;explosion du volcan Llaima, qui heureusement ne fit pas de victimes.<\/p>\n<div  style=\"display: block; margin: 0px auto;\"  id=\"_ytid_68651\" class=\"__youtube_prefs__  __youtube_prefs_gdpr__  epyt-is-override \" allowfullscreen data-no-lazy=\"1\" data-skipgform_ajax_framebjll=\"\">\n<p><strong>Please accept YouTube cookies to play this video.<\/strong> By accepting you will be accessing content from YouTube, a service provided by an external third party.<\/p>\n<p><a href=\"https:\/\/policies.google.com\/privacy\" target=\"_blank\" rel=\"noopener\">YouTube privacy policy<\/a><\/p>\n<p>If you accept this notice, your choice will be saved and the page will refresh.<\/p>\n<p><button type=\"button\" class=\"__youtube_prefs_gdpr__\">Accept YouTube Content<img decoding=\"async\" src=\"https:\/\/topfly-aero.com\/wp-content\/plugins\/youtube-embed-plus\/images\/icon-check.png\" alt=\"accept\" data-no-lazy=\"1\" data-skipgform_ajax_framebjll=\"\" \/><\/button><\/div>\n<p>[\/et_pb_text][\/et_pb_column][\/et_pb_row][et_pb_row][et_pb_column type=\u00a0\u00bb1_3&Prime;][et_pb_image _builder_version=\u00a0\u00bb3.3.1&Prime; src=\u00a0\u00bbhttps:\/\/topfly-aero.com\/wp-content\/uploads\/2018\/05\/F.jpg\u00a0\u00bb \/][et_pb_image _builder_version=\u00a0\u00bb3.3.1&Prime; src=\u00a0\u00bbhttps:\/\/topfly-aero.com\/wp-content\/uploads\/2018\/05\/G.jpg\u00a0\u00bb \/][\/et_pb_column][et_pb_column type=\u00a0\u00bb2_3&Prime;][et_pb_text _builder_version=\u00a0\u00bb3.3.1&Prime;]<\/p>\n<p>L&rsquo;\u00e9ruption d&rsquo;un volcan commen\u00e7ant par l&rsquo;\u00e9vaporation brutale de tonnes d&rsquo;eau formant une \u00e9norme tour d&rsquo;un blanc immacul\u00e9 se courbant sous l&rsquo;effet du vent, remplac\u00e9e au fil des heures par un triste nuage noir virant au brun, compos\u00e9 de cendres tr\u00e8s fines et tr\u00e8s dangereuses pour l&rsquo;aviation. La photo (N) montre le m\u00eame type de nuage lors de l\u2019explosion du Chaiten (voir plus avant). Dans la semaine qui suivit, ce nuage de cendres faisait plus de 500km de longueur sur 5.000m d&rsquo;\u00e9paisseur, la visibilit\u00e9 dans la ville de Neuquen \u00e9tait r\u00e9duite \u00e0 300m, tout le trafic a\u00e9rien local \u00e9tait neutralis\u00e9 et les avions faisant le parcours Buenos Aires &#8211; Bariloche devaient d\u00e9vier 500km au sud avec des retards pouvant atteindre une heure. Nous avons tent\u00e9 l&rsquo;approche en vol \u00e0 voile le lendemain (photo ci-contre) mais les conditions m\u00e9t\u00e9o ne nous ont pas permis de le survoler suffisamment haut. Comme je volais sur le Ventus et Michel sur mon Nimbus, nous en avons profit\u00e9 pour immortaliser ce vol en patrouille sur notre volcan \u00a0\u00bb local et national\u00a0\u00bb Lanin qui lui ne fume plus depuis des ann\u00e9es. (photo ci-apr\u00e8s)<\/p>\n<p>[\/et_pb_text][\/et_pb_column][\/et_pb_row][et_pb_row][et_pb_column type=\u00a0\u00bb4_4&Prime;][et_pb_post_nav _builder_version=\u00a0\u00bb3.12.2&Prime; in_same_term=\u00a0\u00bbon\u00a0\u00bb prev_text=\u00a0\u00bbSuivant\u00a0\u00bb next_text=\u00a0\u00bbPr\u00e9c\u00e9dent\u00a0\u00bb \/][\/et_pb_column][\/et_pb_row][\/et_pb_section]<\/p>\n","protected":false},"excerpt":{"rendered":"<p><div class=\"et_pb_row et_pb_row_0 et_pb_row_empty\">\n\t\t\t\t\n\t\t\t\t\n\t\t\t\t\n\t\t\t\t\n\t\t\t\t\n\t\t\t<\/div> Lors du retour d&rsquo;un grand vol vers le sud le 1er janvier, nous observons \u00e0 200km au nord de Bariloche la formation d&rsquo;un nuage \u00ab\u00a0en tour\u00a0\u00bb, totalement isol\u00e9, d&rsquo;un blanc immacul\u00e9. Surprenant, car il n&rsquo;y avait pas d&rsquo;instabilit\u00e9 susceptible de d\u00e9clencher des orages, et m\u00eame si cela avait \u00e9t\u00e9 le cas, la tour, haute [&hellip;]<\/p>\n","protected":false},"author":2,"featured_media":0,"comment_status":"closed","ping_status":"open","sticky":false,"template":"","format":"standard","meta":{"_et_pb_use_builder":"on","_et_pb_old_content":"","_et_gb_content_width":"","footnotes":""},"categories":[33],"tags":[],"class_list":["post-715","post","type-post","status-publish","format-standard","hentry","category-patagonie-2007"],"_links":{"self":[{"href":"https:\/\/topfly-aero.com\/index.php\/wp-json\/wp\/v2\/posts\/715","targetHints":{"allow":["GET"]}}],"collection":[{"href":"https:\/\/topfly-aero.com\/index.php\/wp-json\/wp\/v2\/posts"}],"about":[{"href":"https:\/\/topfly-aero.com\/index.php\/wp-json\/wp\/v2\/types\/post"}],"author":[{"embeddable":true,"href":"https:\/\/topfly-aero.com\/index.php\/wp-json\/wp\/v2\/users\/2"}],"replies":[{"embeddable":true,"href":"https:\/\/topfly-aero.com\/index.php\/wp-json\/wp\/v2\/comments?post=715"}],"version-history":[{"count":4,"href":"https:\/\/topfly-aero.com\/index.php\/wp-json\/wp\/v2\/posts\/715\/revisions"}],"predecessor-version":[{"id":3595,"href":"https:\/\/topfly-aero.com\/index.php\/wp-json\/wp\/v2\/posts\/715\/revisions\/3595"}],"wp:attachment":[{"href":"https:\/\/topfly-aero.com\/index.php\/wp-json\/wp\/v2\/media?parent=715"}],"wp:term":[{"taxonomy":"category","embeddable":true,"href":"https:\/\/topfly-aero.com\/index.php\/wp-json\/wp\/v2\/categories?post=715"},{"taxonomy":"post_tag","embeddable":true,"href":"https:\/\/topfly-aero.com\/index.php\/wp-json\/wp\/v2\/tags?post=715"}],"curies":[{"name":"wp","href":"https:\/\/api.w.org\/{rel}","templated":true}]}}